{"id":476,"date":"2020-03-16T13:15:05","date_gmt":"2020-03-16T12:15:05","guid":{"rendered":"https:\/\/sindominio.net\/etcetera\/?p=476"},"modified":"2020-03-16T19:47:22","modified_gmt":"2020-03-16T18:47:22","slug":"si-a-la-critica-de-la-religion-no-al-odio-al-creyente","status":"publish","type":"post","link":"https:\/\/sindominio.net\/etcetera\/2020\/03\/16\/si-a-la-critica-de-la-religion-no-al-odio-al-creyente\/","title":{"rendered":"\u00a1Si a la cr\u00edtica de la religi\u00f3n! \u00a1No al odio al creyente!"},"content":{"rendered":"\n<p><a href=\"https:\/\/sindominio.net\/etcetera\/files\/S\u00ed-a-la-cr\u00edtica-de-la-religi\u00f3n.pdf\">Texto de Daniel Guerrier recibido el 28 de enero del 2020<\/a><\/p>\n","protected":false},"excerpt":{"rendered":"<p>Texto de Daniel Guerrier recibido el 28 de enero del 2020<\/p>\n","protected":false},"author":173,"featured_media":0,"comment_status":"closed","ping_status":"open","sticky":false,"template":"","format":"standard","meta":{"footnotes":""},"categories":[1],"tags":[],"class_list":["post-476","post","type-post","status-publish","format-standard","hentry","category-entrada"],"_links":{"self":[{"href":"https:\/\/sindominio.net\/etcetera\/wp-json\/wp\/v2\/posts\/476","targetHints":{"allow":["GET"]}}],"collection":[{"href":"https:\/\/sindominio.net\/etcetera\/wp-json\/wp\/v2\/posts"}],"about":[{"href":"https:\/\/sindominio.net\/etcetera\/wp-json\/wp\/v2\/types\/post"}],"author":[{"embeddable":true,"href":"https:\/\/sindominio.net\/etcetera\/wp-json\/wp\/v2\/users\/173"}],"replies":[{"embeddable":true,"href":"https:\/\/sindominio.net\/etcetera\/wp-json\/wp\/v2\/comments?post=476"}],"version-history":[{"count":3,"href":"https:\/\/sindominio.net\/etcetera\/wp-json\/wp\/v2\/posts\/476\/revisions"}],"predecessor-version":[{"id":501,"href":"https:\/\/sindominio.net\/etcetera\/wp-json\/wp\/v2\/posts\/476\/revisions\/501"}],"wp:attachment":[{"href":"https:\/\/sindominio.net\/etcetera\/wp-json\/wp\/v2\/media?parent=476"}],"wp:term":[{"taxonomy":"category","embeddable":true,"href":"https:\/\/sindominio.net\/etcetera\/wp-json\/wp\/v2\/categories?post=476"},{"taxonomy":"post_tag","embeddable":true,"href":"https:\/\/sindominio.net\/etcetera\/wp-json\/wp\/v2\/tags?post=476"}],"curies":[{"name":"wp","href":"https:\/\/api.w.org\/{rel}","templated":true}]}}